{"id":12167,"date":"2017-01-16T18:09:35","date_gmt":"2017-01-16T17:09:35","guid":{"rendered":"https:\/\/ileauxepices.com\/blog\/?p=12167"},"modified":"2024-06-23T10:03:22","modified_gmt":"2024-06-23T09:03:22","slug":"lanemie-definition-causes-et-remedes-naturels","status":"publish","type":"post","link":"https:\/\/ileauxepices.com\/blog\/2017\/01\/16\/lanemie-definition-causes-et-remedes-naturels\/wpid12167\/","title":{"rendered":"L&rsquo;an\u00e9mie : d\u00e9finition, causes et rem\u00e8des naturels"},"content":{"rendered":"<h1 style=\"text-align: center;\">L&rsquo;an\u00e9mie<\/h1>\n<p style=\"text-align: center;\"><strong>D\u00e9finition, causes, sympt\u00f4mes et rem\u00e8des naturels.<\/strong><\/p>\n<hr \/>\n<p style=\"text-align: center;\"><img decoding=\"async\" class=\"alignnone wp-image-12189\" title=\"illustration d'an\u00e9mie\" src=\"https:\/\/ileauxepices.com\/blog\/wp-content\/uploads\/2017\/01\/illustration-dan\u00e9mie-300x225.jpg\" alt=\"illustration d'an\u00e9mie\" width=\"410\" height=\"308\" srcset=\"https:\/\/ileauxepices.com\/blog\/wp-content\/uploads\/2017\/01\/illustration-dan\u00e9mie-300x225.jpg 300w, https:\/\/ileauxepices.com\/blog\/wp-content\/uploads\/2017\/01\/illustration-dan\u00e9mie.jpg 450w\" sizes=\"(max-width: 410px) 85vw, 410px\" \/><\/p>\n<hr \/>\n<p><strong>Qu&rsquo;est-ce que l&rsquo;an\u00e9mie ? Quels en sont les causes, les sympt\u00f4mes et les cons\u00e9quences ? Comment soigner ou au moins soulager l&rsquo;an\u00e9mie simplement et efficacement ? R\u00e9pondons ensemble \u00e0 toutes ces questions, et plus encore !<\/strong><\/p>\n<h2>Qu\u2019est-ce que l&rsquo;an\u00e9mie ?<\/h2>\n<p><span class=\"_Tgc\">Pour r\u00e9sumer simplement, l&rsquo;an\u00e9mie est une baisse anormale du taux d&rsquo;h\u00e9moglobine dans le sang. L&rsquo;h\u00e9moglobine est contenue dans les globules rouges (ou h\u00e9maties) dont la quantit\u00e9 varie en fonction du sexe et de l&rsquo;\u00e2ge. La principale cause d&rsquo;an\u00e9mie est la carence en fer mais elle peut avoir d&rsquo;autres causes.<\/span><\/p>\n<p>L&rsquo;h\u00e9moglobine permet de transporter l&rsquo;oxyg\u00e8ne dans le corps, voil\u00e0 pourquoi les personnes atteintes se fatiguent plus rapidement, leur c\u0153ur devant travailler 2 fois plus pour transmettre la m\u00eame dose d&rsquo;oxyg\u00e8ne.<\/p>\n<p>En r\u00e9alit\u00e9, il existe deux grands types d&rsquo;an\u00e9mie<\/p>\n<p>&#8211; les an\u00e9mies centrales : c&rsquo;est une insuffisance de production des globules rouges et de l\u2019h\u00e9moglobine par la moelle osseuse.<\/p>\n<p>&#8211; Les an\u00e9mies p\u00e9riph\u00e9riques : la production de globules rouges est normale, mais le taux baisse ensuite pour une raison particuli\u00e8re, cela peut \u00eatre d\u00fb \u00e0 une h\u00e9molyse (destruction des globules), ou bien des h\u00e9morragies, etc.<\/p>\n<p>Cette anomalie est courante car elle touche environ 1\/4 de la population, mais peut \u00e0 terme, en cas d&rsquo;an\u00e9mie s\u00e9v\u00e8re, conduire \u00e0 des complications cardiaques et pulmonaires.<\/p>\n<h2>Les causes de l&rsquo;an\u00e9mie :<\/h2>\n<p>Comme on l&rsquo;a dit, il existe de nombreuses causes \u00e0 l&rsquo;an\u00e9mie, mais la principale reste largement le manque nutritionnel en fer, \u00e9l\u00e9ment indispensable \u00e0 la fabrication et au fonctionnement correct de l&rsquo;h\u00e9moglobine.<\/p>\n<p>Il peut aussi s&rsquo;agir de carence en certaines vitamines comme la vitamine B12 ou bien la vitamine B9 (acide folique).<\/p>\n<p>En dehors de la carence en fer, elle peut venir aussi d&rsquo;une maladie r\u00e9nale, d&rsquo;une maladie inflammatoire, de malfonctionnement au niveau de la moelle osseuse, de traitements m\u00e9dicamenteux, de saignements \u00e0 r\u00e9p\u00e9tition.<\/p>\n<p>\u00c0\u00a0ce titre, les femmes qui ont des r\u00e8gles abondantes sont souvent touch\u00e9es, mais aussi les femmes enceintes, surtout en fin de grossesse, leurs besoins en fer \u00e9tant plus important \u00e0 cause de la croissance du f\u0153tus et du placenta.<\/p>\n<h2>Comment reconna\u00eetre une an\u00e9mie ?<\/h2>\n<p>La plupart des gens ne savent pas qu&rsquo;elles souffrent d&rsquo;an\u00e9mie, car la majorit\u00e9 souffre d&rsquo;an\u00e9mie l\u00e9g\u00e8re, sans sympt\u00f4mes importants. Selon la gravit\u00e9 du cas, les sympt\u00f4mes seront plus ou moins intenses, mais on retrouve toujours les m\u00eames :<\/p>\n<p>&#8211; fatigue<br \/>\n&#8211; teint p\u00e2le<br \/>\n&#8211; acc\u00e9l\u00e9ration du rythme cardiaque<br \/>\n&#8211; essoufflement rapide<br \/>\n&#8211; extr\u00e9mit\u00e9s des membres froids<br \/>\n&#8211; maux de t\u00eate<br \/>\n&#8211; \u00e9tourdissements<br \/>\n&#8211; \u00eatre sujet facilement aux infections<br \/>\n&#8211; douleurs dans le corps ou encore troubles visuels dans les cas les plus graves<\/p>\n<p>Le seul moyen d&rsquo;\u00eatre s\u00fbr d&rsquo;\u00eatre atteint d&rsquo;an\u00e9mie est de faire des analyses sanguines afin d&rsquo;\u00e9valuer le taux d&rsquo;h\u00e9moglobine dans le sang : un h\u00e9mogramme. Vous pourrez ainsi en connaitre la cause afin de mieux la soigner.<\/p>\n<h2>Comment combattre l&rsquo;an\u00e9mie ?<\/h2>\n<p>Le traitement de l&rsquo;an\u00e9mie sera toujours en fonction de la cause.<\/p>\n<h3>En m\u00e9decine moderne :<\/h3>\n<p>En cas de carence en fer ou en vitamines, il faut d\u00e9celer la cause de cette carence mais aussi prendre une suppl\u00e9mentation sous forme de comprim\u00e9s.<\/p>\n<p>En cas de maladie particuli\u00e8re, il faut traiter la maladie et aussi prendre une suppl\u00e9mentation.<\/p>\n<p>En cas de r\u00e8gles abondantes, il existe des traitements hormonaux pour r\u00e9duire les sympt\u00f4mes.<\/p>\n<p>En cas d\u2019an\u00e9mie h\u00e9molytique acquise (non cong\u00e9nitale), il existe des traitements \u00e0 base d&rsquo;immunosuppresseurs et de corticost\u00e9ro\u00efdes.<\/p>\n<p>En cas d\u2019an\u00e9mie grave, les seules solutions restent souvent les transfusions sanguines ou la transplantation de moelle osseuse selon la cause.<\/p>\n<h3>Rem\u00e8des de grands-m\u00e8res :<\/h3>\n<p>Il ne s&rsquo;agit pas ici de traiter l&rsquo;an\u00e9mie sans aucun diagnostic, mais plut\u00f4t de soulager des petits manques en fer ou en vitamines et donc de soulager les an\u00e9mies l\u00e9g\u00e8res. En cas de doute, toujours consulter un m\u00e9decin.<\/p>\n<p>Sachez qu&rsquo;il existe des aliments qui emp\u00eachent l\u2019assimilation du fer, c&rsquo;est le cas du th\u00e9, du caf\u00e9 ou encore du chou. Ils sont donc \u00e0 \u00e9viter si vous \u00eates an\u00e9mi\u00e9.<\/p>\n<p><span style=\"text-decoration: underline;\">Voici quelques rem\u00e8des de grand-m\u00e8re<\/span> :<\/p>\n<div id=\"centercol\">\n<p>&#8211; Mangez des fruits et l\u00e9gumes particuli\u00e8rement riches en min\u00e9raux et vitamines B : betteraves, pommes, lentilles, prunes, poires, p\u00eaches, graines de nectarines, noix de macadamia, feuilles d\u2019eucalyptus, avocat, citron, fondsorgho, millet, <a href=\"https:\/\/ileauxepices.com\/fruits-secs\/271-mures-de-ronce.html\">m\u00fbres sauvages<\/a>, <a href=\"https:\/\/ileauxepices.com\/fruits-secs\/189-mures-blanches-sechees.html\">m\u00fbres blanches<\/a>, figues, bananes, <a href=\"https:\/\/ileauxepices.com\/fruits-secs\/186-raisins-secs.html\">raisins secs<\/a>, <a href=\"https:\/\/ileauxepices.com\/fruits-secs\/113-gingembre-confit.html\">gingembre confit<\/a>, fruits secs, oignons, carottes, radis, c\u00e9leri, tomates, etc.<\/p>\n<p>&#8211; Mangez certains aliments tels que : les abats, les viandes rouges, les <a href=\"https:\/\/ileauxepices.com\/epices\/52-sesame.html\">graines de s\u00e9same<\/a>, <a href=\"https:\/\/ileauxepices.com\/sels-du-monde\/265-gomasio.html\">le gomasio<\/a>, les crustac\u00e9s, le lapacho, le chocolat noir, les <a href=\"https:\/\/ileauxepices.com\/fruits-secs\/137-abricots-secs.html\">abricots secs<\/a>, <a href=\"https:\/\/ileauxepices.com\/fruits-secs\/366-amandes.html\">les amandes<\/a>, le tofu, le persil, etc.<\/p>\n<\/div>\n<p>&#8211; Faites infuser 10 \u00e0 15 g d&rsquo;<a href=\"https:\/\/ileauxepices.com\/infusions-et-tisanes\/351-ortie.html\">ortie bio<\/a> dans 1l d&rsquo;eau bouillante pendant 15 min, buvez tout au long de la journ\u00e9e. L&rsquo;ortie est tr\u00e8s riche en fer et en chlorophylle proche de l\u2019h\u00e9moglobine. N&rsquo;h\u00e9sitez pas \u00e0 y ajouter des <a href=\"https:\/\/ileauxepices.com\/infusions-et-tisanes\/352-fleurs-oranger.html\">fleurs d&rsquo;oranger<\/a> qui sont excellente pour cela aussi.<\/p>\n<p>&#8211; Un super rem\u00e8de naturel est de <a href=\"https:\/\/ileauxepices.com\/infusions-et-tisanes\/196-lapacho.html\">faire une cure de lapacho<\/a>. L&rsquo;infusion \u00e0 la carotte est aussi tr\u00e8s b\u00e9n\u00e9fique en cas d&rsquo;an\u00e9mie. <a href=\"https:\/\/ileauxepices.com\/blog\/2021\/11\/05\/comment-utiliser-la-maca-contre-lanemie\/wpid33012\/\">La maca est b\u00e9n\u00e9fique contre l&rsquo;an\u00e9mie<\/a> elle aussi.<\/p>\n<p>&#8211; Faites chauffer un verre d&rsquo;eau sans faire bouillir, ajoutez 1 cuill\u00e8re \u00e0 caf\u00e9 de miel et 1 cuill\u00e8re \u00e0 caf\u00e9 de vinaigre de cidre. Buvez 1 verre par jour, le matin par exemple.<\/p>\n<p>Le miel est riche en cuivre, en fer et en mangan\u00e8se) et le vinaigre de cidre est riche en vitamine B12 et en acide folique (B9). Ne pas d\u00e9passez un verre par jour.<\/p>\n<p>&#8211; M\u00e9langez 1 cuill\u00e8re \u00e0 caf\u00e9 de miel avec le jus d&rsquo;un pamplemousse et un jaune d\u2019\u0153uf.\u00a0\u00c0 boire une fois par jour pendant 1 semaine.<\/p>\n<p>&#8211; Mixez 2 dattes, 2 fraises, 1 petite poign\u00e9e de raisins secs, 1\/2 pomme avec 1 cuill\u00e8re \u00e0 soupe de miel.\u00a0\u00c0 boire tous les jours pendant 1 semaine.<\/p>\n<div id=\"centercol\">\n<p>&#8211; Faites chauffer un verre d&rsquo;eau, ajoutez 1 cuill\u00e8re \u00e0 caf\u00e9 d&rsquo;argile verte et m\u00e9langez avec une cuill\u00e8re en bois. Laissez reposer jusqu&rsquo;\u00e0 ce que l&rsquo;argile tombe au fond du verre et buvez l\u2019eau purifi\u00e9e.<\/p>\n<p>L\u2019argile verte est riche en min\u00e9raux et permet la reconstitution de globules rouges. En cas de traitement m\u00e9dicamenteux, \u00e9vitez l&rsquo;argile ou alors espacez d&rsquo;au moins 2 h la prise d&rsquo;argile et des m\u00e9dicaments.<\/p>\n<\/div>\n<div id=\"centercol\">\n<p>&#8211; Prenez l&rsquo;habitude de cuisiner dans une cocotte en fonte, il para\u00eet que \u00e7a permet d&rsquo;augmenter la quantit\u00e9 de fer dans les plats !<\/p>\n<\/div>\n<p>Voil\u00e0, le but de cet article est de vous donner un aper\u00e7u d&rsquo;ensemble de cette anomalie tr\u00e8s courante et souvent b\u00e9nigne. Rappelez-vous qu&rsquo;il faut toujours consulter un m\u00e9decin avant de prendre quoi que ce soit et que les petits conseils de cet article ne concernent que les cas d&rsquo;an\u00e9mie b\u00e9nins, soit la majorit\u00e9, les cas graves doivent absolument \u00eatre suivis m\u00e9dicalement.<\/p>\n","protected":false},"excerpt":{"rendered":"<p>L&rsquo;an\u00e9mie touche 1\/4 de la population. Certains cas graves n\u00e9cessitent des traitements, d&rsquo;autres peuvent se soulager efficacement \u00e0 base de rem\u00e8des de grand-m\u00e8re, tout ce qu&rsquo;il y a de plus naturel !<\/p>\n<p>Qu&rsquo;est-ce que l&rsquo;an\u00e9mie ? Quels en sont les causes, les sympt\u00f4mes et les cons\u00e9quences ? Comment soigner ou au moins soulager l&rsquo;an\u00e9mie ? R\u00e9pondons ensemble \u00e0 toutes ces questions, et plus encore !<\/p>\n","protected":false},"author":1,"featured_media":12189,"comment_status":"open","ping_status":"open","sticky":false,"template":"","format":"standard","meta":{"footnotes":""},"categories":[230],"tags":[],"class_list":["post-12167","post","type-post","status-publish","format-standard","has-post-thumbnail","hentry","category-remedes"],"yoast_head":"<!-- This site is optimized with the Yoast SEO plugin v27.5 - https:\/\/yoast.com\/product\/yoast-seo-wordpress\/ -->\n<title>L&#039;an\u00e9mie : d\u00e9finition, causes et rem\u00e8des naturels -<\/title>\n<meta name=\"robots\" content=\"index, follow, max-snippet:-1, max-image-preview:large, max-video-preview:-1\" \/>\n<link rel=\"canonical\" href=\"https:\/\/ileauxepices.com\/blog\/2017\/01\/16\/lanemie-definition-causes-et-remedes-naturels\/wpid12167\/\" \/>\n<meta property=\"og:locale\" content=\"fr_FR\" \/>\n<meta property=\"og:type\" content=\"article\" \/>\n<meta property=\"og:title\" content=\"L&#039;an\u00e9mie : d\u00e9finition, causes et rem\u00e8des naturels -\" \/>\n<meta property=\"og:description\" content=\"L&#039;an\u00e9mie touche 1\/4 de la population. Certains cas graves n\u00e9cessitent des traitements, d&#039;autres peuvent se soulager efficacement \u00e0 base de rem\u00e8des de grand-m\u00e8re, tout ce qu&#039;il y a de plus naturel !  Qu&#039;est-ce que l&#039;an\u00e9mie ? Quels en sont les causes, les sympt\u00f4mes et les cons\u00e9quences ? Comment soigner ou au moins soulager l&#039;an\u00e9mie ? R\u00e9pondons ensemble \u00e0 toutes ces questions, et plus encore !\" \/>\n<meta property=\"og:url\" content=\"https:\/\/ileauxepices.com\/blog\/2017\/01\/16\/lanemie-definition-causes-et-remedes-naturels\/wpid12167\/\" \/>\n<meta property=\"og:site_name\" content=\"L&#039;\u00eele aux \u00e9pices\" \/>\n<meta property=\"article:published_time\" content=\"2017-01-16T17:09:35+00:00\" \/>\n<meta property=\"article:modified_time\" content=\"2024-06-23T09:03:22+00:00\" \/>\n<meta property=\"og:image\" content=\"https:\/\/ileauxepices.com\/blog\/wp-content\/uploads\/2017\/01\/illustration-dan\u00e9mie.jpg\" \/>\n\t<meta property=\"og:image:width\" content=\"450\" \/>\n\t<meta property=\"og:image:height\" content=\"338\" \/>\n\t<meta property=\"og:image:type\" content=\"image\/jpeg\" \/>\n<meta name=\"author\" content=\"Benjamin - L\u2019\u00eele aux \u00e9pices\" \/>\n<meta name=\"twitter:card\" content=\"summary_large_image\" \/>\n<script type=\"application\/ld+json\" class=\"yoast-schema-graph\">{\"@context\":\"https:\\\/\\\/schema.org\",\"@graph\":[{\"@type\":\"Article\",\"@id\":\"https:\\\/\\\/ileauxepices.com\\\/blog\\\/2017\\\/01\\\/16\\\/lanemie-definition-causes-et-remedes-naturels\\\/wpid12167\\\/#article\",\"isPartOf\":{\"@id\":\"https:\\\/\\\/ileauxepices.com\\\/blog\\\/2017\\\/01\\\/16\\\/lanemie-definition-causes-et-remedes-naturels\\\/wpid12167\\\/\"},\"author\":{\"name\":\"Benjamin - L\u2019\u00eele aux \u00e9pices\",\"@id\":\"https:\\\/\\\/ileauxepices.com\\\/blog\\\/#\\\/schema\\\/person\\\/d88db46ff17bf5b3d2dd225e73cb6faf\"},\"headline\":\"L&rsquo;an\u00e9mie : d\u00e9finition, causes et rem\u00e8des naturels\",\"datePublished\":\"2017-01-16T17:09:35+00:00\",\"dateModified\":\"2024-06-23T09:03:22+00:00\",\"mainEntityOfPage\":{\"@id\":\"https:\\\/\\\/ileauxepices.com\\\/blog\\\/2017\\\/01\\\/16\\\/lanemie-definition-causes-et-remedes-naturels\\\/wpid12167\\\/\"},\"wordCount\":1261,\"commentCount\":42,\"image\":{\"@id\":\"https:\\\/\\\/ileauxepices.com\\\/blog\\\/2017\\\/01\\\/16\\\/lanemie-definition-causes-et-remedes-naturels\\\/wpid12167\\\/#primaryimage\"},\"thumbnailUrl\":\"https:\\\/\\\/ileauxepices.com\\\/blog\\\/wp-content\\\/uploads\\\/2017\\\/01\\\/illustration-dan\u00e9mie.jpg\",\"articleSection\":[\"Rem\u00e8des naturels\"],\"inLanguage\":\"fr-FR\",\"potentialAction\":[{\"@type\":\"CommentAction\",\"name\":\"Comment\",\"target\":[\"https:\\\/\\\/ileauxepices.com\\\/blog\\\/2017\\\/01\\\/16\\\/lanemie-definition-causes-et-remedes-naturels\\\/wpid12167\\\/#respond\"]}]},{\"@type\":\"WebPage\",\"@id\":\"https:\\\/\\\/ileauxepices.com\\\/blog\\\/2017\\\/01\\\/16\\\/lanemie-definition-causes-et-remedes-naturels\\\/wpid12167\\\/\",\"url\":\"https:\\\/\\\/ileauxepices.com\\\/blog\\\/2017\\\/01\\\/16\\\/lanemie-definition-causes-et-remedes-naturels\\\/wpid12167\\\/\",\"name\":\"L'an\u00e9mie : d\u00e9finition, causes et rem\u00e8des naturels -\",\"isPartOf\":{\"@id\":\"https:\\\/\\\/ileauxepices.com\\\/blog\\\/#website\"},\"primaryImageOfPage\":{\"@id\":\"https:\\\/\\\/ileauxepices.com\\\/blog\\\/2017\\\/01\\\/16\\\/lanemie-definition-causes-et-remedes-naturels\\\/wpid12167\\\/#primaryimage\"},\"image\":{\"@id\":\"https:\\\/\\\/ileauxepices.com\\\/blog\\\/2017\\\/01\\\/16\\\/lanemie-definition-causes-et-remedes-naturels\\\/wpid12167\\\/#primaryimage\"},\"thumbnailUrl\":\"https:\\\/\\\/ileauxepices.com\\\/blog\\\/wp-content\\\/uploads\\\/2017\\\/01\\\/illustration-dan\u00e9mie.jpg\",\"datePublished\":\"2017-01-16T17:09:35+00:00\",\"dateModified\":\"2024-06-23T09:03:22+00:00\",\"author\":{\"@id\":\"https:\\\/\\\/ileauxepices.com\\\/blog\\\/#\\\/schema\\\/person\\\/d88db46ff17bf5b3d2dd225e73cb6faf\"},\"breadcrumb\":{\"@id\":\"https:\\\/\\\/ileauxepices.com\\\/blog\\\/2017\\\/01\\\/16\\\/lanemie-definition-causes-et-remedes-naturels\\\/wpid12167\\\/#breadcrumb\"},\"inLanguage\":\"fr-FR\",\"potentialAction\":[{\"@type\":\"ReadAction\",\"target\":[\"https:\\\/\\\/ileauxepices.com\\\/blog\\\/2017\\\/01\\\/16\\\/lanemie-definition-causes-et-remedes-naturels\\\/wpid12167\\\/\"]}]},{\"@type\":\"ImageObject\",\"inLanguage\":\"fr-FR\",\"@id\":\"https:\\\/\\\/ileauxepices.com\\\/blog\\\/2017\\\/01\\\/16\\\/lanemie-definition-causes-et-remedes-naturels\\\/wpid12167\\\/#primaryimage\",\"url\":\"https:\\\/\\\/ileauxepices.com\\\/blog\\\/wp-content\\\/uploads\\\/2017\\\/01\\\/illustration-dan\u00e9mie.jpg\",\"contentUrl\":\"https:\\\/\\\/ileauxepices.com\\\/blog\\\/wp-content\\\/uploads\\\/2017\\\/01\\\/illustration-dan\u00e9mie.jpg\",\"width\":450,\"height\":338,\"caption\":\"illustration d'an\u00e9mie\"},{\"@type\":\"BreadcrumbList\",\"@id\":\"https:\\\/\\\/ileauxepices.com\\\/blog\\\/2017\\\/01\\\/16\\\/lanemie-definition-causes-et-remedes-naturels\\\/wpid12167\\\/#breadcrumb\",\"itemListElement\":[{\"@type\":\"ListItem\",\"position\":1,\"name\":\"Accueil\",\"item\":\"https:\\\/\\\/ileauxepices.com\\\/blog\\\/\"},{\"@type\":\"ListItem\",\"position\":2,\"name\":\"L&rsquo;an\u00e9mie : d\u00e9finition, causes et rem\u00e8des naturels\"}]},{\"@type\":\"WebSite\",\"@id\":\"https:\\\/\\\/ileauxepices.com\\\/blog\\\/#website\",\"url\":\"https:\\\/\\\/ileauxepices.com\\\/blog\\\/\",\"name\":\"L'\u00eele aux \u00e9pices\",\"description\":\"L&#039;ile aux \u00e9pices, le blog ! Recettes, actualit\u00e9 et infos\",\"potentialAction\":[{\"@type\":\"SearchAction\",\"target\":{\"@type\":\"EntryPoint\",\"urlTemplate\":\"https:\\\/\\\/ileauxepices.com\\\/blog\\\/?s={search_term_string}\"},\"query-input\":{\"@type\":\"PropertyValueSpecification\",\"valueRequired\":true,\"valueName\":\"search_term_string\"}}],\"inLanguage\":\"fr-FR\"},{\"@type\":\"Person\",\"@id\":\"https:\\\/\\\/ileauxepices.com\\\/blog\\\/#\\\/schema\\\/person\\\/d88db46ff17bf5b3d2dd225e73cb6faf\",\"name\":\"Benjamin - L\u2019\u00eele aux \u00e9pices\",\"url\":\"https:\\\/\\\/ileauxepices.com\\\/blog\\\/author\\\/admin\\\/\"}]}<\/script>\n<!-- \/ Yoast SEO plugin. -->","yoast_head_json":{"title":"L'an\u00e9mie : d\u00e9finition, causes et rem\u00e8des naturels -","robots":{"index":"index","follow":"follow","max-snippet":"max-snippet:-1","max-image-preview":"max-image-preview:large","max-video-preview":"max-video-preview:-1"},"canonical":"https:\/\/ileauxepices.com\/blog\/2017\/01\/16\/lanemie-definition-causes-et-remedes-naturels\/wpid12167\/","og_locale":"fr_FR","og_type":"article","og_title":"L'an\u00e9mie : d\u00e9finition, causes et rem\u00e8des naturels -","og_description":"L'an\u00e9mie touche 1\/4 de la population. Certains cas graves n\u00e9cessitent des traitements, d'autres peuvent se soulager efficacement \u00e0 base de rem\u00e8des de grand-m\u00e8re, tout ce qu'il y a de plus naturel !  Qu'est-ce que l'an\u00e9mie ? Quels en sont les causes, les sympt\u00f4mes et les cons\u00e9quences ? Comment soigner ou au moins soulager l'an\u00e9mie ? R\u00e9pondons ensemble \u00e0 toutes ces questions, et plus encore !","og_url":"https:\/\/ileauxepices.com\/blog\/2017\/01\/16\/lanemie-definition-causes-et-remedes-naturels\/wpid12167\/","og_site_name":"L&#039;\u00eele aux \u00e9pices","article_published_time":"2017-01-16T17:09:35+00:00","article_modified_time":"2024-06-23T09:03:22+00:00","og_image":[{"width":450,"height":338,"url":"https:\/\/ileauxepices.com\/blog\/wp-content\/uploads\/2017\/01\/illustration-dan\u00e9mie.jpg","type":"image\/jpeg"}],"author":"Benjamin - L\u2019\u00eele aux \u00e9pices","twitter_card":"summary_large_image","schema":{"@context":"https:\/\/schema.org","@graph":[{"@type":"Article","@id":"https:\/\/ileauxepices.com\/blog\/2017\/01\/16\/lanemie-definition-causes-et-remedes-naturels\/wpid12167\/#article","isPartOf":{"@id":"https:\/\/ileauxepices.com\/blog\/2017\/01\/16\/lanemie-definition-causes-et-remedes-naturels\/wpid12167\/"},"author":{"name":"Benjamin - L\u2019\u00eele aux \u00e9pices","@id":"https:\/\/ileauxepices.com\/blog\/#\/schema\/person\/d88db46ff17bf5b3d2dd225e73cb6faf"},"headline":"L&rsquo;an\u00e9mie : d\u00e9finition, causes et rem\u00e8des naturels","datePublished":"2017-01-16T17:09:35+00:00","dateModified":"2024-06-23T09:03:22+00:00","mainEntityOfPage":{"@id":"https:\/\/ileauxepices.com\/blog\/2017\/01\/16\/lanemie-definition-causes-et-remedes-naturels\/wpid12167\/"},"wordCount":1261,"commentCount":42,"image":{"@id":"https:\/\/ileauxepices.com\/blog\/2017\/01\/16\/lanemie-definition-causes-et-remedes-naturels\/wpid12167\/#primaryimage"},"thumbnailUrl":"https:\/\/ileauxepices.com\/blog\/wp-content\/uploads\/2017\/01\/illustration-dan\u00e9mie.jpg","articleSection":["Rem\u00e8des naturels"],"inLanguage":"fr-FR","potentialAction":[{"@type":"CommentAction","name":"Comment","target":["https:\/\/ileauxepices.com\/blog\/2017\/01\/16\/lanemie-definition-causes-et-remedes-naturels\/wpid12167\/#respond"]}]},{"@type":"WebPage","@id":"https:\/\/ileauxepices.com\/blog\/2017\/01\/16\/lanemie-definition-causes-et-remedes-naturels\/wpid12167\/","url":"https:\/\/ileauxepices.com\/blog\/2017\/01\/16\/lanemie-definition-causes-et-remedes-naturels\/wpid12167\/","name":"L'an\u00e9mie : d\u00e9finition, causes et rem\u00e8des naturels -","isPartOf":{"@id":"https:\/\/ileauxepices.com\/blog\/#website"},"primaryImageOfPage":{"@id":"https:\/\/ileauxepices.com\/blog\/2017\/01\/16\/lanemie-definition-causes-et-remedes-naturels\/wpid12167\/#primaryimage"},"image":{"@id":"https:\/\/ileauxepices.com\/blog\/2017\/01\/16\/lanemie-definition-causes-et-remedes-naturels\/wpid12167\/#primaryimage"},"thumbnailUrl":"https:\/\/ileauxepices.com\/blog\/wp-content\/uploads\/2017\/01\/illustration-dan\u00e9mie.jpg","datePublished":"2017-01-16T17:09:35+00:00","dateModified":"2024-06-23T09:03:22+00:00","author":{"@id":"https:\/\/ileauxepices.com\/blog\/#\/schema\/person\/d88db46ff17bf5b3d2dd225e73cb6faf"},"breadcrumb":{"@id":"https:\/\/ileauxepices.com\/blog\/2017\/01\/16\/lanemie-definition-causes-et-remedes-naturels\/wpid12167\/#breadcrumb"},"inLanguage":"fr-FR","potentialAction":[{"@type":"ReadAction","target":["https:\/\/ileauxepices.com\/blog\/2017\/01\/16\/lanemie-definition-causes-et-remedes-naturels\/wpid12167\/"]}]},{"@type":"ImageObject","inLanguage":"fr-FR","@id":"https:\/\/ileauxepices.com\/blog\/2017\/01\/16\/lanemie-definition-causes-et-remedes-naturels\/wpid12167\/#primaryimage","url":"https:\/\/ileauxepices.com\/blog\/wp-content\/uploads\/2017\/01\/illustration-dan\u00e9mie.jpg","contentUrl":"https:\/\/ileauxepices.com\/blog\/wp-content\/uploads\/2017\/01\/illustration-dan\u00e9mie.jpg","width":450,"height":338,"caption":"illustration d'an\u00e9mie"},{"@type":"BreadcrumbList","@id":"https:\/\/ileauxepices.com\/blog\/2017\/01\/16\/lanemie-definition-causes-et-remedes-naturels\/wpid12167\/#breadcrumb","itemListElement":[{"@type":"ListItem","position":1,"name":"Accueil","item":"https:\/\/ileauxepices.com\/blog\/"},{"@type":"ListItem","position":2,"name":"L&rsquo;an\u00e9mie : d\u00e9finition, causes et rem\u00e8des naturels"}]},{"@type":"WebSite","@id":"https:\/\/ileauxepices.com\/blog\/#website","url":"https:\/\/ileauxepices.com\/blog\/","name":"L'\u00eele aux \u00e9pices","description":"L&#039;ile aux \u00e9pices, le blog ! Recettes, actualit\u00e9 et infos","potentialAction":[{"@type":"SearchAction","target":{"@type":"EntryPoint","urlTemplate":"https:\/\/ileauxepices.com\/blog\/?s={search_term_string}"},"query-input":{"@type":"PropertyValueSpecification","valueRequired":true,"valueName":"search_term_string"}}],"inLanguage":"fr-FR"},{"@type":"Person","@id":"https:\/\/ileauxepices.com\/blog\/#\/schema\/person\/d88db46ff17bf5b3d2dd225e73cb6faf","name":"Benjamin - L\u2019\u00eele aux \u00e9pices","url":"https:\/\/ileauxepices.com\/blog\/author\/admin\/"}]}},"_links":{"self":[{"href":"https:\/\/ileauxepices.com\/blog\/wp-json\/wp\/v2\/posts\/12167","targetHints":{"allow":["GET"]}}],"collection":[{"href":"https:\/\/ileauxepices.com\/blog\/wp-json\/wp\/v2\/posts"}],"about":[{"href":"https:\/\/ileauxepices.com\/blog\/wp-json\/wp\/v2\/types\/post"}],"author":[{"embeddable":true,"href":"https:\/\/ileauxepices.com\/blog\/wp-json\/wp\/v2\/users\/1"}],"replies":[{"embeddable":true,"href":"https:\/\/ileauxepices.com\/blog\/wp-json\/wp\/v2\/comments?post=12167"}],"version-history":[{"count":0,"href":"https:\/\/ileauxepices.com\/blog\/wp-json\/wp\/v2\/posts\/12167\/revisions"}],"wp:featuredmedia":[{"embeddable":true,"href":"https:\/\/ileauxepices.com\/blog\/wp-json\/wp\/v2\/media\/12189"}],"wp:attachment":[{"href":"https:\/\/ileauxepices.com\/blog\/wp-json\/wp\/v2\/media?parent=12167"}],"wp:term":[{"taxonomy":"category","embeddable":true,"href":"https:\/\/ileauxepices.com\/blog\/wp-json\/wp\/v2\/categories?post=12167"},{"taxonomy":"post_tag","embeddable":true,"href":"https:\/\/ileauxepices.com\/blog\/wp-json\/wp\/v2\/tags?post=12167"}],"curies":[{"name":"wp","href":"https:\/\/api.w.org\/{rel}","templated":true}]}}