{"id":3407,"date":"2013-10-25T10:23:31","date_gmt":"2013-10-25T09:23:31","guid":{"rendered":"https:\/\/ileauxepices.com\/blog\/?p=3407"},"modified":"2025-12-10T10:40:06","modified_gmt":"2025-12-10T09:40:06","slug":"recette-cafe-viennois-aux-epices","status":"publish","type":"post","link":"https:\/\/ileauxepices.com\/blog\/2013\/10\/25\/recette-cafe-viennois-aux-epices\/wpid3407\/","title":{"rendered":"Recette : Caf\u00e9 Viennois aux \u00e9pices"},"content":{"rendered":"<h1 style=\"text-align: center;\">Caf\u00e9 Viennois<\/h1>\n<p style=\"text-align: center;\"><strong>Pr\u00e9paration de la recette : 30 min<\/strong><br \/>\n<strong>Pour : 4 personnes<\/strong><\/p>\n<hr \/>\n<p style=\"text-align: center;\"><img decoding=\"async\" class=\"aligncenter wp-image-3408 size-full\" title=\"caf\u00e9 viennois aux epices\" src=\"https:\/\/ileauxepices.com\/blog\/wp-content\/uploads\/2013\/10\/caf\u00e9-viennois-aux-epices.jpg\" alt=\"recette caf\u00e9 viennois aux epices\" width=\"301\" height=\"450\" srcset=\"https:\/\/ileauxepices.com\/blog\/wp-content\/uploads\/2013\/10\/caf\u00e9-viennois-aux-epices.jpg 301w, https:\/\/ileauxepices.com\/blog\/wp-content\/uploads\/2013\/10\/caf\u00e9-viennois-aux-epices-200x300.jpg 200w\" sizes=\"(max-width: 301px) 85vw, 301px\" \/><\/p>\n<hr \/>\n<p>Pas besoin d&rsquo;un s\u00e9jour \u00e0 Vienne pour d\u00e9guster un caf\u00e9 viennois ! La douceur de la cr\u00e8me fouett\u00e9e associ\u00e9e \u00e0 l&rsquo;amertume du caf\u00e9 fort et aux ar\u00f4mes \u00e9pic\u00e9s est une v\u00e9ritable r\u00e9v\u00e9lation. M\u00eame s&rsquo;il est moins connu que le cappuccino et les autres types de caf\u00e9s, le caf\u00e9 viennois est une tuerie tr\u00e8s r\u00e9put\u00e9e et \u00e0 juste titre, surtout en Hongrie et en Autriche. Une recette de boisson chaude aux \u00e9pices, un r\u00e9confort \u00e0 l&rsquo;approche de l&rsquo;hiver. Essayez-la et partagez vos impressions en commentaire !<\/p>\n<h2>Liste des ingr\u00e9dients<\/h2>\n<ul>\n<li style=\"list-style-type: none;\">\n<ul>\n<li>75cl de caf\u00e9<\/li>\n<li>15cl de cr\u00e8me<\/li>\n<li>1 cuill\u00e8re \u00e0 soupe de sucre en poudre<\/li>\n<li>2 <a href=\"https:\/\/ileauxepices.com\/epices\/13-cannelle.html\">b\u00e2tons de cannelle<\/a><\/li>\n<li>3 <a href=\"https:\/\/ileauxepices.com\/epices\/36-girofle.html\">clous de girofle<\/a><\/li>\n<\/ul>\n<\/li>\n<\/ul>\n<h2>Pr\u00e9paration de la recette<\/h2>\n<ol>\n<li>Versez la cr\u00e8me dans un r\u00e9cipient. Ajoutez le sucre petit \u00e0 petit tout en fouettant \u00e9nergiquement jusqu&rsquo;\u00e0 obtenir une cr\u00e8me l\u00e9g\u00e8rement fouett\u00e9e. R\u00e9servez au r\u00e9frig\u00e9rateur.<\/li>\n<li>Versez le caf\u00e9 dans une casserole et ajoutez les \u00e9pices (cannelle et girofle). Chauffez \u00e0 feu tr\u00e8s doux pendant environ 10 minutes sans faire bouillir pour infuser les ar\u00f4mes.<\/li>\n<li>Versez le caf\u00e9 \u00e9pic\u00e9 dans des tasses ou des coupes \u00e0 glace. Ajoutez la cr\u00e8me fouett\u00e9e par-dessus. Servez imm\u00e9diatement et d\u00e9gustez.<\/li>\n<\/ol>\n<h2>Astuces du Chef<\/h2>\n<ul>\n<li><strong>Choix du caf\u00e9<\/strong> : pour un caf\u00e9 viennois authentique, optez pour un caf\u00e9 fort, de pr\u00e9f\u00e9rence un espresso allong\u00e9. Un caf\u00e9 noir de torr\u00e9faction moyenne peut \u00e9galement convenir, surtout si vous ne disposez pas de machine \u00e0 espresso, mais assurez-vous que le caf\u00e9 soit bien cors\u00e9. Pr\u00e9f\u00e9rez un caf\u00e9 100 % Arabica pour une saveur plus douce et moins am\u00e8re.<\/li>\n<li><strong>Conseil pour fouetter la cr\u00e8me<\/strong> : utilisez une cr\u00e8me fra\u00eeche bien froide et fouettez-la avec du sucre en poudre jusqu&rsquo;\u00e0 obtenir une texture l\u00e9g\u00e8re et a\u00e9r\u00e9e. Avec un fouet \u00e9lectrique ce sera plus facile qu&rsquo;\u00e0 la main.<\/li>\n<li><strong>Variante gourmande<\/strong> : ajoutez une touche de chocolat r\u00e2p\u00e9 sur la cr\u00e8me fouett\u00e9e.<\/li>\n<li><b>Variez les \u00e9pices <\/b>: selon vos go\u00fbts, vous pouvez modifier les \u00e9pices par un peu de muscade, ou plus classique de la vanille.<\/li>\n<\/ul>\n<p>Le caf\u00e9 viennois se marie parfaitement avec des viennoiseries comme des croissants, pains au chocolat ou une bonne brioche, mais aussi avec des petits biscuits comme des sp\u00e9culoos par exemple.\u00a0Personnellement, j&rsquo;aime bien le d\u00e9guster avec une pinc\u00e9e de <a href=\"https:\/\/ileauxepices.com\/melange-d-epices\/261-pan-masala.html\">m\u00e9lange indien de graines pan masala<\/a>.<\/p>\n<h2>Origine du caf\u00e9 Viennois<\/h2>\n<p>Le caf\u00e9 viennois, \u00e9galement connu sous le nom de \u00ab\u00a0Wiener Melange\u00a0\u00bb, est une boisson embl\u00e9matique des caf\u00e9s viennois. C&rsquo;est une boisson chaude compos\u00e9e de caf\u00e9 fort (souvent un espresso allong\u00e9) et de cr\u00e8me fouett\u00e9e, parfois agr\u00e9ment\u00e9e d&rsquo;\u00e9pices. Bien que moins connu que le cappuccino ou le latte, le caf\u00e9 viennois a une place particuli\u00e8re dans la culture autrichienne et hongroise.<\/p>\n<h2>Diff\u00e9rence entre caf\u00e9 Viennois et caf\u00e9 Li\u00e9geois<\/h2>\n<p>Historiquement, il n&rsquo;y en a aucune ! Le caf\u00e9 viennois, une boisson r\u00e9put\u00e9e en Autriche, fut rebaptis\u00e9 caf\u00e9 li\u00e9geois pendant la Premi\u00e8re Guerre mondiale pour des raisons patriotiques. En effet, Li\u00e8ge fut le lieu d&rsquo;une bataille d\u00e9cisive pour les alli\u00e9s, et il \u00e9tait inappropri\u00e9 de consommer un \u00ab\u00a0caf\u00e9 viennois\u00a0\u00bb alors que l&rsquo;Autriche \u00e9tait per\u00e7ue comme l&rsquo;ennemi.<\/p>\n<p>Si vous aimez cette recette, alors vous aimerez :<\/p>\n<ul>\n<li><a href=\"https:\/\/ileauxepices.com\/blog\/2025\/12\/10\/chai-latte-recette\/wpid52590\/\">La recette du chai latte aux \u00e9pices<\/a><\/li>\n<li><a href=\"https:\/\/ileauxepices.com\/blog\/2014\/01\/22\/recette-du-cafe-turc-a-la-cardamome\/wpid4233\/\">La recette du caf\u00e9 turc \u00e0 la cardamome<\/a><\/li>\n<\/ul>\n<h2>Information nutritionnelle (par portion)<\/h2>\n<ul>\n<li>Calories : 120<\/li>\n<li>Prot\u00e9ines : 2g<\/li>\n<li>Lipides : 8g<\/li>\n<li>Glucides : 10g<\/li>\n<\/ul>\n<p style=\"text-align: right;\"><img decoding=\"async\" class=\"alignnone size-full wp-image-1170\" style=\"border: 0px;\" title=\"bon app\u00e9tit\" src=\"https:\/\/ileauxepices.com\/blog\/wp-content\/uploads\/2013\/01\/bon-app\u00e9tit.png\" alt=\"bon app\u00e9tit\" width=\"144\" height=\"43\" \/><\/p>\n","protected":false},"excerpt":{"rendered":"<p>Caf\u00e9 Viennois Pr\u00e9paration de la recette : 30 min Pour : 4 personnes Pas besoin d&rsquo;un s\u00e9jour \u00e0 Vienne pour d\u00e9guster un caf\u00e9 viennois ! La douceur de la cr\u00e8me fouett\u00e9e associ\u00e9e \u00e0 l&rsquo;amertume du caf\u00e9 fort et aux ar\u00f4mes \u00e9pic\u00e9s est une v\u00e9ritable r\u00e9v\u00e9lation. M\u00eame s&rsquo;il est moins connu que le cappuccino et les &hellip; <a href=\"https:\/\/ileauxepices.com\/blog\/2013\/10\/25\/recette-cafe-viennois-aux-epices\/wpid3407\/\" class=\"more-link\">Continuer la lecture<span class=\"screen-reader-text\"> de &laquo;&nbsp;Recette : Caf\u00e9 Viennois aux \u00e9pices&nbsp;&raquo;<\/span><\/a><\/p>\n","protected":false},"author":1,"featured_media":3408,"comment_status":"open","ping_status":"open","sticky":false,"template":"","format":"standard","meta":{"footnotes":""},"categories":[29,30,73,117,87,129,42],"tags":[],"class_list":["post-3407","post","type-post","status-publish","format-standard","has-post-thumbnail","hentry","category-cuisine-europe-de-l-est","category-cuisine-francaise","category-cannelle","category-pain-d-epices","category-girofle","category-poivre-de-jamaique","category-recettes-de-boissons"],"yoast_head":"<!-- This site is optimized with the Yoast SEO plugin v27.5 - https:\/\/yoast.com\/product\/yoast-seo-wordpress\/ -->\n<title>Recette : Caf\u00e9 Viennois aux \u00e9pices -<\/title>\n<meta name=\"robots\" content=\"index, follow, max-snippet:-1, max-image-preview:large, max-video-preview:-1\" \/>\n<link rel=\"canonical\" href=\"https:\/\/ileauxepices.com\/blog\/2013\/10\/25\/recette-cafe-viennois-aux-epices\/wpid3407\/\" \/>\n<meta property=\"og:locale\" content=\"fr_FR\" \/>\n<meta property=\"og:type\" content=\"article\" \/>\n<meta property=\"og:title\" content=\"Recette : Caf\u00e9 Viennois aux \u00e9pices -\" \/>\n<meta property=\"og:description\" content=\"Caf\u00e9 Viennois Pr\u00e9paration de la recette : 30 min Pour : 4 personnes Pas besoin d&rsquo;un s\u00e9jour \u00e0 Vienne pour d\u00e9guster un caf\u00e9 viennois ! La douceur de la cr\u00e8me fouett\u00e9e associ\u00e9e \u00e0 l&rsquo;amertume du caf\u00e9 fort et aux ar\u00f4mes \u00e9pic\u00e9s est une v\u00e9ritable r\u00e9v\u00e9lation. M\u00eame s&rsquo;il est moins connu que le cappuccino et les &hellip; Continuer la lecture de &laquo;&nbsp;Recette : Caf\u00e9 Viennois aux \u00e9pices&nbsp;&raquo;\" \/>\n<meta property=\"og:url\" content=\"https:\/\/ileauxepices.com\/blog\/2013\/10\/25\/recette-cafe-viennois-aux-epices\/wpid3407\/\" \/>\n<meta property=\"og:site_name\" content=\"L&#039;\u00eele aux \u00e9pices\" \/>\n<meta property=\"article:published_time\" content=\"2013-10-25T09:23:31+00:00\" \/>\n<meta property=\"article:modified_time\" content=\"2025-12-10T09:40:06+00:00\" \/>\n<meta property=\"og:image\" content=\"https:\/\/ileauxepices.com\/blog\/wp-content\/uploads\/2013\/10\/caf\u00e9-viennois-aux-epices.jpg\" \/>\n\t<meta property=\"og:image:width\" content=\"301\" \/>\n\t<meta property=\"og:image:height\" content=\"450\" \/>\n\t<meta property=\"og:image:type\" content=\"image\/jpeg\" \/>\n<meta name=\"author\" content=\"Benjamin - L\u2019\u00eele aux \u00e9pices\" \/>\n<meta name=\"twitter:card\" content=\"summary_large_image\" \/>\n<script type=\"application\/ld+json\" class=\"yoast-schema-graph\">{\"@context\":\"https:\\\/\\\/schema.org\",\"@graph\":[{\"@type\":\"Article\",\"@id\":\"https:\\\/\\\/ileauxepices.com\\\/blog\\\/2013\\\/10\\\/25\\\/recette-cafe-viennois-aux-epices\\\/wpid3407\\\/#article\",\"isPartOf\":{\"@id\":\"https:\\\/\\\/ileauxepices.com\\\/blog\\\/2013\\\/10\\\/25\\\/recette-cafe-viennois-aux-epices\\\/wpid3407\\\/\"},\"author\":{\"name\":\"Benjamin - L\u2019\u00eele aux \u00e9pices\",\"@id\":\"https:\\\/\\\/ileauxepices.com\\\/blog\\\/#\\\/schema\\\/person\\\/d88db46ff17bf5b3d2dd225e73cb6faf\"},\"headline\":\"Recette : Caf\u00e9 Viennois aux \u00e9pices\",\"datePublished\":\"2013-10-25T09:23:31+00:00\",\"dateModified\":\"2025-12-10T09:40:06+00:00\",\"mainEntityOfPage\":{\"@id\":\"https:\\\/\\\/ileauxepices.com\\\/blog\\\/2013\\\/10\\\/25\\\/recette-cafe-viennois-aux-epices\\\/wpid3407\\\/\"},\"wordCount\":611,\"commentCount\":0,\"image\":{\"@id\":\"https:\\\/\\\/ileauxepices.com\\\/blog\\\/2013\\\/10\\\/25\\\/recette-cafe-viennois-aux-epices\\\/wpid3407\\\/#primaryimage\"},\"thumbnailUrl\":\"https:\\\/\\\/ileauxepices.com\\\/blog\\\/wp-content\\\/uploads\\\/2013\\\/10\\\/caf\u00e9-viennois-aux-epices.jpg\",\"articleSection\":[\"Nos meilleures recettes de Cuisine d'Europe de l'Est\",\"Nos meilleures recettes de Cuisine Fran\u00e7aise \u00e9pic\u00e9es\",\"Recettes avec de la cannelle\",\"Recettes avec des \u00e9pices pour pain d'\u00e9pices\",\"Recettes avec du clou de girofle\",\"Recettes avec du poivre de Jamaique (bois d'Inde)\",\"Recettes de boissons faciles et rapides\"],\"inLanguage\":\"fr-FR\",\"potentialAction\":[{\"@type\":\"CommentAction\",\"name\":\"Comment\",\"target\":[\"https:\\\/\\\/ileauxepices.com\\\/blog\\\/2013\\\/10\\\/25\\\/recette-cafe-viennois-aux-epices\\\/wpid3407\\\/#respond\"]}]},{\"@type\":\"WebPage\",\"@id\":\"https:\\\/\\\/ileauxepices.com\\\/blog\\\/2013\\\/10\\\/25\\\/recette-cafe-viennois-aux-epices\\\/wpid3407\\\/\",\"url\":\"https:\\\/\\\/ileauxepices.com\\\/blog\\\/2013\\\/10\\\/25\\\/recette-cafe-viennois-aux-epices\\\/wpid3407\\\/\",\"name\":\"Recette : Caf\u00e9 Viennois aux \u00e9pices -\",\"isPartOf\":{\"@id\":\"https:\\\/\\\/ileauxepices.com\\\/blog\\\/#website\"},\"primaryImageOfPage\":{\"@id\":\"https:\\\/\\\/ileauxepices.com\\\/blog\\\/2013\\\/10\\\/25\\\/recette-cafe-viennois-aux-epices\\\/wpid3407\\\/#primaryimage\"},\"image\":{\"@id\":\"https:\\\/\\\/ileauxepices.com\\\/blog\\\/2013\\\/10\\\/25\\\/recette-cafe-viennois-aux-epices\\\/wpid3407\\\/#primaryimage\"},\"thumbnailUrl\":\"https:\\\/\\\/ileauxepices.com\\\/blog\\\/wp-content\\\/uploads\\\/2013\\\/10\\\/caf\u00e9-viennois-aux-epices.jpg\",\"datePublished\":\"2013-10-25T09:23:31+00:00\",\"dateModified\":\"2025-12-10T09:40:06+00:00\",\"author\":{\"@id\":\"https:\\\/\\\/ileauxepices.com\\\/blog\\\/#\\\/schema\\\/person\\\/d88db46ff17bf5b3d2dd225e73cb6faf\"},\"breadcrumb\":{\"@id\":\"https:\\\/\\\/ileauxepices.com\\\/blog\\\/2013\\\/10\\\/25\\\/recette-cafe-viennois-aux-epices\\\/wpid3407\\\/#breadcrumb\"},\"inLanguage\":\"fr-FR\",\"potentialAction\":[{\"@type\":\"ReadAction\",\"target\":[\"https:\\\/\\\/ileauxepices.com\\\/blog\\\/2013\\\/10\\\/25\\\/recette-cafe-viennois-aux-epices\\\/wpid3407\\\/\"]}]},{\"@type\":\"ImageObject\",\"inLanguage\":\"fr-FR\",\"@id\":\"https:\\\/\\\/ileauxepices.com\\\/blog\\\/2013\\\/10\\\/25\\\/recette-cafe-viennois-aux-epices\\\/wpid3407\\\/#primaryimage\",\"url\":\"https:\\\/\\\/ileauxepices.com\\\/blog\\\/wp-content\\\/uploads\\\/2013\\\/10\\\/caf\u00e9-viennois-aux-epices.jpg\",\"contentUrl\":\"https:\\\/\\\/ileauxepices.com\\\/blog\\\/wp-content\\\/uploads\\\/2013\\\/10\\\/caf\u00e9-viennois-aux-epices.jpg\",\"width\":\"301\",\"height\":\"450\",\"caption\":\"recette caf\u00e9 viennois aux epices\"},{\"@type\":\"BreadcrumbList\",\"@id\":\"https:\\\/\\\/ileauxepices.com\\\/blog\\\/2013\\\/10\\\/25\\\/recette-cafe-viennois-aux-epices\\\/wpid3407\\\/#breadcrumb\",\"itemListElement\":[{\"@type\":\"ListItem\",\"position\":1,\"name\":\"Accueil\",\"item\":\"https:\\\/\\\/ileauxepices.com\\\/blog\\\/\"},{\"@type\":\"ListItem\",\"position\":2,\"name\":\"Recette : Caf\u00e9 Viennois aux \u00e9pices\"}]},{\"@type\":\"WebSite\",\"@id\":\"https:\\\/\\\/ileauxepices.com\\\/blog\\\/#website\",\"url\":\"https:\\\/\\\/ileauxepices.com\\\/blog\\\/\",\"name\":\"L'\u00eele aux \u00e9pices\",\"description\":\"L&#039;ile aux \u00e9pices, le blog ! Recettes, actualit\u00e9 et infos\",\"potentialAction\":[{\"@type\":\"SearchAction\",\"target\":{\"@type\":\"EntryPoint\",\"urlTemplate\":\"https:\\\/\\\/ileauxepices.com\\\/blog\\\/?s={search_term_string}\"},\"query-input\":{\"@type\":\"PropertyValueSpecification\",\"valueRequired\":true,\"valueName\":\"search_term_string\"}}],\"inLanguage\":\"fr-FR\"},{\"@type\":\"Person\",\"@id\":\"https:\\\/\\\/ileauxepices.com\\\/blog\\\/#\\\/schema\\\/person\\\/d88db46ff17bf5b3d2dd225e73cb6faf\",\"name\":\"Benjamin - L\u2019\u00eele aux \u00e9pices\",\"url\":\"https:\\\/\\\/ileauxepices.com\\\/blog\\\/author\\\/admin\\\/\"}]}<\/script>\n<!-- \/ Yoast SEO plugin. -->","yoast_head_json":{"title":"Recette : Caf\u00e9 Viennois aux \u00e9pices -","robots":{"index":"index","follow":"follow","max-snippet":"max-snippet:-1","max-image-preview":"max-image-preview:large","max-video-preview":"max-video-preview:-1"},"canonical":"https:\/\/ileauxepices.com\/blog\/2013\/10\/25\/recette-cafe-viennois-aux-epices\/wpid3407\/","og_locale":"fr_FR","og_type":"article","og_title":"Recette : Caf\u00e9 Viennois aux \u00e9pices -","og_description":"Caf\u00e9 Viennois Pr\u00e9paration de la recette : 30 min Pour : 4 personnes Pas besoin d&rsquo;un s\u00e9jour \u00e0 Vienne pour d\u00e9guster un caf\u00e9 viennois ! La douceur de la cr\u00e8me fouett\u00e9e associ\u00e9e \u00e0 l&rsquo;amertume du caf\u00e9 fort et aux ar\u00f4mes \u00e9pic\u00e9s est une v\u00e9ritable r\u00e9v\u00e9lation. M\u00eame s&rsquo;il est moins connu que le cappuccino et les &hellip; Continuer la lecture de &laquo;&nbsp;Recette : Caf\u00e9 Viennois aux \u00e9pices&nbsp;&raquo;","og_url":"https:\/\/ileauxepices.com\/blog\/2013\/10\/25\/recette-cafe-viennois-aux-epices\/wpid3407\/","og_site_name":"L&#039;\u00eele aux \u00e9pices","article_published_time":"2013-10-25T09:23:31+00:00","article_modified_time":"2025-12-10T09:40:06+00:00","og_image":[{"width":301,"height":450,"url":"https:\/\/ileauxepices.com\/blog\/wp-content\/uploads\/2013\/10\/caf\u00e9-viennois-aux-epices.jpg","type":"image\/jpeg"}],"author":"Benjamin - L\u2019\u00eele aux \u00e9pices","twitter_card":"summary_large_image","schema":{"@context":"https:\/\/schema.org","@graph":[{"@type":"Article","@id":"https:\/\/ileauxepices.com\/blog\/2013\/10\/25\/recette-cafe-viennois-aux-epices\/wpid3407\/#article","isPartOf":{"@id":"https:\/\/ileauxepices.com\/blog\/2013\/10\/25\/recette-cafe-viennois-aux-epices\/wpid3407\/"},"author":{"name":"Benjamin - L\u2019\u00eele aux \u00e9pices","@id":"https:\/\/ileauxepices.com\/blog\/#\/schema\/person\/d88db46ff17bf5b3d2dd225e73cb6faf"},"headline":"Recette : Caf\u00e9 Viennois aux \u00e9pices","datePublished":"2013-10-25T09:23:31+00:00","dateModified":"2025-12-10T09:40:06+00:00","mainEntityOfPage":{"@id":"https:\/\/ileauxepices.com\/blog\/2013\/10\/25\/recette-cafe-viennois-aux-epices\/wpid3407\/"},"wordCount":611,"commentCount":0,"image":{"@id":"https:\/\/ileauxepices.com\/blog\/2013\/10\/25\/recette-cafe-viennois-aux-epices\/wpid3407\/#primaryimage"},"thumbnailUrl":"https:\/\/ileauxepices.com\/blog\/wp-content\/uploads\/2013\/10\/caf\u00e9-viennois-aux-epices.jpg","articleSection":["Nos meilleures recettes de Cuisine d'Europe de l'Est","Nos meilleures recettes de Cuisine Fran\u00e7aise \u00e9pic\u00e9es","Recettes avec de la cannelle","Recettes avec des \u00e9pices pour pain d'\u00e9pices","Recettes avec du clou de girofle","Recettes avec du poivre de Jamaique (bois d'Inde)","Recettes de boissons faciles et rapides"],"inLanguage":"fr-FR","potentialAction":[{"@type":"CommentAction","name":"Comment","target":["https:\/\/ileauxepices.com\/blog\/2013\/10\/25\/recette-cafe-viennois-aux-epices\/wpid3407\/#respond"]}]},{"@type":"WebPage","@id":"https:\/\/ileauxepices.com\/blog\/2013\/10\/25\/recette-cafe-viennois-aux-epices\/wpid3407\/","url":"https:\/\/ileauxepices.com\/blog\/2013\/10\/25\/recette-cafe-viennois-aux-epices\/wpid3407\/","name":"Recette : Caf\u00e9 Viennois aux \u00e9pices -","isPartOf":{"@id":"https:\/\/ileauxepices.com\/blog\/#website"},"primaryImageOfPage":{"@id":"https:\/\/ileauxepices.com\/blog\/2013\/10\/25\/recette-cafe-viennois-aux-epices\/wpid3407\/#primaryimage"},"image":{"@id":"https:\/\/ileauxepices.com\/blog\/2013\/10\/25\/recette-cafe-viennois-aux-epices\/wpid3407\/#primaryimage"},"thumbnailUrl":"https:\/\/ileauxepices.com\/blog\/wp-content\/uploads\/2013\/10\/caf\u00e9-viennois-aux-epices.jpg","datePublished":"2013-10-25T09:23:31+00:00","dateModified":"2025-12-10T09:40:06+00:00","author":{"@id":"https:\/\/ileauxepices.com\/blog\/#\/schema\/person\/d88db46ff17bf5b3d2dd225e73cb6faf"},"breadcrumb":{"@id":"https:\/\/ileauxepices.com\/blog\/2013\/10\/25\/recette-cafe-viennois-aux-epices\/wpid3407\/#breadcrumb"},"inLanguage":"fr-FR","potentialAction":[{"@type":"ReadAction","target":["https:\/\/ileauxepices.com\/blog\/2013\/10\/25\/recette-cafe-viennois-aux-epices\/wpid3407\/"]}]},{"@type":"ImageObject","inLanguage":"fr-FR","@id":"https:\/\/ileauxepices.com\/blog\/2013\/10\/25\/recette-cafe-viennois-aux-epices\/wpid3407\/#primaryimage","url":"https:\/\/ileauxepices.com\/blog\/wp-content\/uploads\/2013\/10\/caf\u00e9-viennois-aux-epices.jpg","contentUrl":"https:\/\/ileauxepices.com\/blog\/wp-content\/uploads\/2013\/10\/caf\u00e9-viennois-aux-epices.jpg","width":"301","height":"450","caption":"recette caf\u00e9 viennois aux epices"},{"@type":"BreadcrumbList","@id":"https:\/\/ileauxepices.com\/blog\/2013\/10\/25\/recette-cafe-viennois-aux-epices\/wpid3407\/#breadcrumb","itemListElement":[{"@type":"ListItem","position":1,"name":"Accueil","item":"https:\/\/ileauxepices.com\/blog\/"},{"@type":"ListItem","position":2,"name":"Recette : Caf\u00e9 Viennois aux \u00e9pices"}]},{"@type":"WebSite","@id":"https:\/\/ileauxepices.com\/blog\/#website","url":"https:\/\/ileauxepices.com\/blog\/","name":"L'\u00eele aux \u00e9pices","description":"L&#039;ile aux \u00e9pices, le blog ! Recettes, actualit\u00e9 et infos","potentialAction":[{"@type":"SearchAction","target":{"@type":"EntryPoint","urlTemplate":"https:\/\/ileauxepices.com\/blog\/?s={search_term_string}"},"query-input":{"@type":"PropertyValueSpecification","valueRequired":true,"valueName":"search_term_string"}}],"inLanguage":"fr-FR"},{"@type":"Person","@id":"https:\/\/ileauxepices.com\/blog\/#\/schema\/person\/d88db46ff17bf5b3d2dd225e73cb6faf","name":"Benjamin - L\u2019\u00eele aux \u00e9pices","url":"https:\/\/ileauxepices.com\/blog\/author\/admin\/"}]}},"_links":{"self":[{"href":"https:\/\/ileauxepices.com\/blog\/wp-json\/wp\/v2\/posts\/3407","targetHints":{"allow":["GET"]}}],"collection":[{"href":"https:\/\/ileauxepices.com\/blog\/wp-json\/wp\/v2\/posts"}],"about":[{"href":"https:\/\/ileauxepices.com\/blog\/wp-json\/wp\/v2\/types\/post"}],"author":[{"embeddable":true,"href":"https:\/\/ileauxepices.com\/blog\/wp-json\/wp\/v2\/users\/1"}],"replies":[{"embeddable":true,"href":"https:\/\/ileauxepices.com\/blog\/wp-json\/wp\/v2\/comments?post=3407"}],"version-history":[{"count":4,"href":"https:\/\/ileauxepices.com\/blog\/wp-json\/wp\/v2\/posts\/3407\/revisions"}],"predecessor-version":[{"id":52849,"href":"https:\/\/ileauxepices.com\/blog\/wp-json\/wp\/v2\/posts\/3407\/revisions\/52849"}],"wp:featuredmedia":[{"embeddable":true,"href":"https:\/\/ileauxepices.com\/blog\/wp-json\/wp\/v2\/media\/3408"}],"wp:attachment":[{"href":"https:\/\/ileauxepices.com\/blog\/wp-json\/wp\/v2\/media?parent=3407"}],"wp:term":[{"taxonomy":"category","embeddable":true,"href":"https:\/\/ileauxepices.com\/blog\/wp-json\/wp\/v2\/categories?post=3407"},{"taxonomy":"post_tag","embeddable":true,"href":"https:\/\/ileauxepices.com\/blog\/wp-json\/wp\/v2\/tags?post=3407"}],"curies":[{"name":"wp","href":"https:\/\/api.w.org\/{rel}","templated":true}]}}